{"id":9798,"date":"2025-04-20T18:19:24","date_gmt":"2025-04-20T17:19:24","guid":{"rendered":"https:\/\/www.topblogs.de\/magazin\/?p=9798"},"modified":"2025-04-20T18:34:20","modified_gmt":"2025-04-20T17:34:20","slug":"raus-mit-euch-warum-unternehmen-ihre-mitarbeitenden-regelmaessig-an-die-frische-luft-schicken-sollten","status":"publish","type":"post","link":"https:\/\/www.topblogs.de\/magazin\/raus-mit-euch-warum-unternehmen-ihre-mitarbeitenden-regelmaessig-an-die-frische-luft-schicken-sollten\/","title":{"rendered":"Raus mit euch! Warum Unternehmen ihre Mitarbeitenden regelm\u00e4\u00dfig an die frische Luft schicken sollten"},"content":{"rendered":"\n<p>Die ersten Sonnenstrahlen w\u00e4rmen das Gesicht, die Luft riecht nach Fr\u00fchling \u2013 und trotzdem sitzen viele Besch\u00e4ftigte noch immer den ganzen Tag drinnen. Dabei wirkt ein kurzer Aufenthalt im Freien oft wahre Wunder: frischer Kopf, bessere Laune, neue Ideen.<\/p>\n\n\n\n<p>Gerade jetzt zum Fr\u00fchlingsbeginn lohnt es sich f\u00fcr Unternehmen, den Arbeitsalltag ihrer Teams nach drau\u00dfen zu erweitern \u2013 nicht nur in der Pause, sondern auch im Arbeitskontext selbst.<\/p>\n\n\n\n<h2 class=\"wp-block-heading\"><strong>Drau\u00dfen denkt es sich anders<\/strong><\/h2>\n\n\n\n<p>Wissenschaftliche Studien belegen: Tageslicht, frische Luft und ein Perspektivwechsel f\u00f6rdern Konzentration, Kreativit\u00e4t und psychische Gesundheit. Wer den Kopf l\u00fcften darf, kommt oft mit klareren Gedanken zur\u00fcck. Ob f\u00fcnf Minuten auf der Bank oder ein ganzes Meeting im Freien \u2013 drau\u00dfen entsteht Raum f\u00fcr neue Impulse.<\/p>\n\n\n\n<p>Das gilt besonders f\u00fcr hybride Teams, die sich im B\u00fcro treffen: Warum nicht ein kurzes Stand-up oder ein Projekt-Brainstorming auf die Terrasse oder in den Innenhof verlegen?<\/p>\n\n\n\n<h2 class=\"wp-block-heading\"><strong>Freiraum schaffen \u2013 im w<\/strong><strong>\u00f6<\/strong><strong>rtlichen Sinn<\/strong><\/h2>\n\n\n\n<figure class=\"wp-block-image alignleft size-full\"><a href=\"https:\/\/www.topblogs.de\/magazin\/wp-content\/uploads\/2025\/04\/Outdoor_Betonmoebel.jpg\"><img loading=\"lazy\" decoding=\"async\" width=\"348\" height=\"450\" src=\"https:\/\/www.topblogs.de\/magazin\/wp-content\/uploads\/2025\/04\/Outdoor_Betonmoebel.jpg\" alt=\"Stylische Outdoorm\u00f6bel aus Beton\" class=\"wp-image-9804\" srcset=\"https:\/\/www.topblogs.de\/magazin\/wp-content\/uploads\/2025\/04\/Outdoor_Betonmoebel.jpg 348w, https:\/\/www.topblogs.de\/magazin\/wp-content\/uploads\/2025\/04\/Outdoor_Betonmoebel-232x300.jpg 232w\" sizes=\"auto, (max-width: 348px) 100vw, 348px\" \/><\/a><figcaption class=\"wp-element-caption\">Bild: Adobe KI<\/figcaption><\/figure>\n\n\n\n<p>Damit das gelingt, brauchen Unternehmen passende Au\u00dfenbereiche: Aufenthaltszonen f\u00fcr die Pause, gem\u00fctliche Ecken f\u00fcr den informellen Austausch \u2013 und Pl\u00e4tze, an denen auch mal gearbeitet oder gemeinsam diskutiert werden kann. Auch Raucherzonen sollten nicht versteckt, sondern funktional und ansprechend gestaltet sein.<\/p>\n\n\n\n<p>Was all diese Bereiche verbindet: Sie brauchen robuste, wetterfeste und gleichzeitig einladende M\u00f6blierung. Und genau hier kommen <strong>Outdoorm<\/strong><strong>\u00f6<\/strong><strong>bel aus Beton<\/strong> ins Spiel.<\/p>\n\n\n\n<h2 class=\"wp-block-heading\"><strong>Beton <\/strong><strong>\u2013 klingt hart, f\u00fchlt sich durchdacht an<\/strong><\/h2>\n\n\n\n<p>Beton ist langlebig, vandalismussicher und absolut wetterfest \u2013 ein echtes Arbeitstier unter den Materialien. Doch moderne <a href=\"https:\/\/betoniu.com\/outdoormoebel-aus-beton\/\"><u>Outdoor-<\/u><u>Betonm<\/u><u>\u00f6<\/u><u>bel <\/u><\/a>sind weit entfernt vom Klischee des grauen Blocks. Mit pr\u00e4zisen Formen, angenehmen Proportionen und minimalistischer \u00c4sthetik lassen sich damit hochwertige Au\u00dfenbereiche gestalten, die genauso funktional wie stilvoll sind.<\/p>\n\n\n\n<p>Ob Tisch-Bank-Kombinationen f\u00fcr Meetings, Einzelb\u00e4nke im Schatten eines Baumes oder modulare Sitzgruppen f\u00fcr den Innenhof \u2013 gute Au\u00dfenm\u00f6blierung signalisiert Wertsch\u00e4tzung f\u00fcr Mitarbeitende und schafft echte Aufenthaltsqualit\u00e4t.<\/p>\n\n\n\n<p><strong>Denn wer drau\u00dfen durchatmen kann, kommt drinnen besser voran.<\/strong><\/p>\n\n\n\n<p><\/p>\n","protected":false},"excerpt":{"rendered":"<p>Die ersten Sonnenstrahlen w\u00e4rmen das Gesicht, die Luft riecht nach Fr\u00fchling \u2013 und trotzdem sitzen viele Besch\u00e4ftigte noch immer den<\/p>\n","protected":false},"author":1,"featured_media":9799,"comment_status":"closed","ping_status":"open","sticky":false,"template":"","format":"standard","meta":{"colormag_page_container_layout":"default_layout","colormag_page_sidebar_layout":"default_layout","footnotes":""},"categories":[4,1],"tags":[],"class_list":["post-9798","post","type-post","status-publish","format-standard","has-post-thumbnail","hentry","category-business","category-uncategorized"],"aioseo_notices":[],"_links":{"self":[{"href":"https:\/\/www.topblogs.de\/magazin\/wp-json\/wp\/v2\/posts\/9798","targetHints":{"allow":["GET"]}}],"collection":[{"href":"https:\/\/www.topblogs.de\/magazin\/wp-json\/wp\/v2\/posts"}],"about":[{"href":"https:\/\/www.topblogs.de\/magazin\/wp-json\/wp\/v2\/types\/post"}],"author":[{"embeddable":true,"href":"https:\/\/www.topblogs.de\/magazin\/wp-json\/wp\/v2\/users\/1"}],"replies":[{"embeddable":true,"href":"https:\/\/www.topblogs.de\/magazin\/wp-json\/wp\/v2\/comments?post=9798"}],"version-history":[{"count":4,"href":"https:\/\/www.topblogs.de\/magazin\/wp-json\/wp\/v2\/posts\/9798\/revisions"}],"predecessor-version":[{"id":9808,"href":"https:\/\/www.topblogs.de\/magazin\/wp-json\/wp\/v2\/posts\/9798\/revisions\/9808"}],"wp:featuredmedia":[{"embeddable":true,"href":"https:\/\/www.topblogs.de\/magazin\/wp-json\/wp\/v2\/media\/9799"}],"wp:attachment":[{"href":"https:\/\/www.topblogs.de\/magazin\/wp-json\/wp\/v2\/media?parent=9798"}],"wp:term":[{"taxonomy":"category","embeddable":true,"href":"https:\/\/www.topblogs.de\/magazin\/wp-json\/wp\/v2\/categories?post=9798"},{"taxonomy":"post_tag","embeddable":true,"href":"https:\/\/www.topblogs.de\/magazin\/wp-json\/wp\/v2\/tags?post=9798"}],"curies":[{"name":"wp","href":"https:\/\/api.w.org\/{rel}","templated":true}]}}