{"id":5113,"date":"2021-06-07T11:19:10","date_gmt":"2021-06-07T10:19:10","guid":{"rendered":"https:\/\/www.topblogs.de\/magazin\/?p=5113"},"modified":"2021-06-07T11:25:59","modified_gmt":"2021-06-07T10:25:59","slug":"sommer-2021-so-kommt-die-kuehle-ins-haus","status":"publish","type":"post","link":"https:\/\/www.topblogs.de\/magazin\/sommer-2021-so-kommt-die-kuehle-ins-haus\/","title":{"rendered":"Sommer 2021 \u2013 so kommt die K\u00fchle ins Haus"},"content":{"rendered":"\n<p>Nach einem langen Winter und k\u00fchlen Fr\u00fchjahr sehnen sich Millionen Menschen hierzulande einen hei\u00dfen Sommer herbei. Neben den stetig neuen M\u00f6glichkeiten, sich das Leben mit Besuchen in Restaurants oder Museen zu vers\u00fc\u00dfen, sollen auch die eigenen vier W\u00e4nde im Sommer einladend sein. Das Wohlgef\u00fchl h\u00e4ngt wesentlich von einer angenehmen Klimatisierung der R\u00e4umlichkeiten ab, wobei die Technologien zunehmend sparsamer im Energieverbrauch und den Kosten werden.<\/p>\n\n\n\n<h3 class=\"wp-block-heading\">Angenehme K\u00fchle f\u00fcr einen entspannten Sommer<\/h3>\n\n\n\n<p>F\u00fcr das <a href=\"https:\/\/www.topblogs.de\/magazin\/hobby-haus-und-garten\/\">Wohlgef\u00fchl in Haus und Garten<\/a> sind Luftk\u00fchler und Klimaanlagen im Hochsommer fast unverzichtbar. Die letzten Jahre haben gezeigt, welche ungewohnt hohen Temperaturen l\u00e4ngst auch in Mitteleuropa Standard sind. Bei 35 Grad und mehr im B\u00fcro arbeiten zu k\u00f6nnen oder sich zu Hause zu entspannen, ist alleine mit einer guten Klimatisierung der R\u00e4ume m\u00f6glich.<\/p>\n\n\n\n<p>Eine <a href=\"https:\/\/www.noaton.de\/klimaanlage-blog\/klimaanlage-fur-die-wohnung-was-ist-besser-eine-mobile-oder-eine-wandklimaanlage\/\" target=\"_blank\" rel=\"noreferrer noopener\">mobile Klimaanlage<\/a> sorgt hierbei f\u00fcr die Flexibilit\u00e4t, in verschiedenen R\u00e4umen wie Wohn- oder Schlafzimmer genutzt zu werden. In B\u00fcros oder f\u00fcr gr\u00f6\u00dfere Wohnr\u00e4ume mit h\u00e4ufiger Nutzung ist die feste Wandmontage die ideale Alternative. Hierzu ist zu pr\u00fcfen, ob die baulichen Anpassungen m\u00f6glich und erw\u00fcnscht sind, was bei einem mobilen Modell nicht notwendig ist.<\/p>\n\n\n\n<div class=\"wp-block-image\"><figure class=\"alignright size-large\"><a href=\"https:\/\/www.topblogs.de\/magazin\/wp-content\/uploads\/2021\/06\/air-conditioner.jpg\"><img loading=\"lazy\" decoding=\"async\" width=\"350\" height=\"231\" src=\"https:\/\/www.topblogs.de\/magazin\/wp-content\/uploads\/2021\/06\/air-conditioner.jpg\" alt=\"\" class=\"wp-image-5120\" srcset=\"https:\/\/www.topblogs.de\/magazin\/wp-content\/uploads\/2021\/06\/air-conditioner.jpg 350w, https:\/\/www.topblogs.de\/magazin\/wp-content\/uploads\/2021\/06\/air-conditioner-300x198.jpg 300w\" sizes=\"auto, (max-width: 350px) 100vw, 350px\" \/><\/a><figcaption>Fest installierte Air Conditioner, wie sie etwa h\u00e4ufig in den USA zu finden sind, lohnen sich bei uns (noch) nicht.<\/figcaption><\/figure><\/div>\n\n\n\n<h3 class=\"wp-block-heading\">K\u00fchlung auf viele Arten erleben<\/h3>\n\n\n\n<p>Bei der Auswahl der geeigneten Klimaanlagen und L\u00fcfter spielen die Dimensionen des Raumes und die gew\u00fcnschte K\u00fchlleistung eine wesentliche Rolle. F\u00fcr kleine Wohnr\u00e4ume ist es kaum notwendig, eine extrem leistungsf\u00e4hige Anlage zu installieren. Diese w\u00fcrde alleine die Stromkosten beim Betrieb hochtreiben, w\u00e4hrend eine kompaktere Anlage bereits v\u00f6llig f\u00fcr das Herunterk\u00fchlen des Raumes ausreichen w\u00fcrde.<\/p>\n\n\n\n<p>Auch bei der Art der <a href=\"https:\/\/www.noaton.de\/klimaanlage-blog\/der-luftkuhler-ist-keine-mobile-klimaanlage\/\" target=\"_blank\" rel=\"noreferrer noopener\">K\u00fchlung<\/a> ist grunds\u00e4tzlich zu \u00fcberlegen, ob eine mobile Klimaanlage oder ein Luftk\u00fchler die bessere Wahl darstellt. Bei Letzterem kommt alleine Wasser oder Luft anstelle eines K\u00fchlmittels zum Einsatz. Luftk\u00fchler sind deshalb nicht ganz so leistungsf\u00e4hig, jedoch sparsamer im Verbrauch und oft leichter zu handhaben.<\/p>\n\n\n\n<p>Um eine kluge Wahl zu treffen, helfen fachkundige Informationen aus dem Internet oder die Beratung durch einen Experten der Branche weiter. Wichtig ist, die Unterschiede zwischen einzelnen Modellen und ihren Leistungswerten zu verstehen, um eine kluge Wahl in Leistung, Format und Preis zu treffen.<\/p>\n\n\n\n<h3 class=\"wp-block-heading\">Kleine Ger\u00e4te mit gro\u00dfer Wirkung<\/h3>\n\n\n\n<p>Beim Kauf einer Klimaanlage denken viele Haushalte an gro\u00dfe und sperrige Modelle, wie Sie noch vor einigen Jahrzehnten verbaut wurden. Die Technologie hat sich wie in vielen Lebensbereichen weiterentwickelt und macht es m\u00f6glich, selbst durch eine <a href=\"https:\/\/www.noaton.de\/mobile-klimaanlage\/noaton-ac-5108\/\" target=\"_blank\" rel=\"noreferrer noopener\">kleine Klimaanlage<\/a> gr\u00f6\u00dfere R\u00e4ume mobil und umfassend zu k\u00fchlen.<\/p>\n\n\n\n<p>Auch in puncto Sparsamkeit hat sich etwas getan, so dass die Anlagen ohne Weiteres in hei\u00dfen Sommern\u00e4chten durchlaufen k\u00f6nnen. Selbst wenn der l\u00e4ngere Betrieb einer Klimaanlage die j\u00e4hrliche Stromrechnung und einige Euros erh\u00f6ht, steht dies absolut zur gesteigerten Lebensqualit\u00e4t im Verh\u00e4ltnis. Gerade in den Nachtstunden sorgt ein angenehm klimatisierter Raum f\u00fcr neue Kraft und Energie, die sich im Arbeitsleben oder bei privaten Unternehmungen bezahlt macht.<\/p>\n\n\n\n<h3 class=\"wp-block-heading\">Bestens vorbereitet in die Sommersaison starten<\/h3>\n\n\n\n<p>Neben einer mobilen Klimaanlage oder einem Luftk\u00fchler lohnt es, \u00fcber einen <a href=\"https:\/\/orangearts.de\/insektenschutz-im-sommer-so-gehts\/\" target=\"_blank\" rel=\"noreferrer noopener\">guten Insektenschutz im Sommer<\/a> nachzudenken. Selbst das k\u00fchlste Schlafzimmer sorgt im Hochsommer f\u00fcr wenig Freude, wenn Sie nachts permanent von kleinen Plagegeistern geweckt werden. K\u00fchle und Ruhe zusammen lassen Sie selbst bei h\u00f6chsten Au\u00dfentemperaturen fit und erholt durchstarten. Im Idealfall erleben Sie den gleichen Komfort eines starken Insektenschutzes und einer gehobenen K\u00fchlung auch an Ihrem Arbeitsplatz.<\/p>\n","protected":false},"excerpt":{"rendered":"<p>Nach einem langen Winter und k\u00fchlen Fr\u00fchjahr sehnen sich Millionen Menschen hierzulande einen hei\u00dfen Sommer herbei. Neben den stetig neuen<\/p>\n","protected":false},"author":1,"featured_media":5119,"comment_status":"closed","ping_status":"open","sticky":false,"template":"","format":"standard","meta":{"colormag_page_container_layout":"default_layout","colormag_page_sidebar_layout":"default_layout","footnotes":""},"categories":[8,44],"tags":[24,32],"class_list":["post-5113","post","type-post","status-publish","format-standard","has-post-thumbnail","hentry","category-hobby-haus-und-garten","category-technik","tag-sommer","tag-tipps-tricks"],"aioseo_notices":[],"_links":{"self":[{"href":"https:\/\/www.topblogs.de\/magazin\/wp-json\/wp\/v2\/posts\/5113","targetHints":{"allow":["GET"]}}],"collection":[{"href":"https:\/\/www.topblogs.de\/magazin\/wp-json\/wp\/v2\/posts"}],"about":[{"href":"https:\/\/www.topblogs.de\/magazin\/wp-json\/wp\/v2\/types\/post"}],"author":[{"embeddable":true,"href":"https:\/\/www.topblogs.de\/magazin\/wp-json\/wp\/v2\/users\/1"}],"replies":[{"embeddable":true,"href":"https:\/\/www.topblogs.de\/magazin\/wp-json\/wp\/v2\/comments?post=5113"}],"version-history":[{"count":6,"href":"https:\/\/www.topblogs.de\/magazin\/wp-json\/wp\/v2\/posts\/5113\/revisions"}],"predecessor-version":[{"id":5121,"href":"https:\/\/www.topblogs.de\/magazin\/wp-json\/wp\/v2\/posts\/5113\/revisions\/5121"}],"wp:featuredmedia":[{"embeddable":true,"href":"https:\/\/www.topblogs.de\/magazin\/wp-json\/wp\/v2\/media\/5119"}],"wp:attachment":[{"href":"https:\/\/www.topblogs.de\/magazin\/wp-json\/wp\/v2\/media?parent=5113"}],"wp:term":[{"taxonomy":"category","embeddable":true,"href":"https:\/\/www.topblogs.de\/magazin\/wp-json\/wp\/v2\/categories?post=5113"},{"taxonomy":"post_tag","embeddable":true,"href":"https:\/\/www.topblogs.de\/magazin\/wp-json\/wp\/v2\/tags?post=5113"}],"curies":[{"name":"wp","href":"https:\/\/api.w.org\/{rel}","templated":true}]}}