{"id":393,"date":"2016-04-27T14:44:17","date_gmt":"2016-04-27T14:44:17","guid":{"rendered":"http:\/\/www.topblogs.de\/magazin\/?p=393"},"modified":"2023-07-13T12:46:00","modified_gmt":"2023-07-13T11:46:00","slug":"thomas-gottschalk-kommt-ins-tv-zuruck","status":"publish","type":"post","link":"https:\/\/www.topblogs.de\/magazin\/thomas-gottschalk-kommt-ins-tv-zuruck\/","title":{"rendered":"Thomas Gottschalk kommt ins TV zur\u00fcck"},"content":{"rendered":"\n<p>Er ist vielleicht der letzte seiner Art: Thomas Gottschalk hat es wie wohl kein anderer nach ihm geschafft mehrere Generationen gemeinsam vor dem Fernseher zu vereinen. Er ist der Inbegriff dessen, was man unter einem&nbsp;&#8222;Entertainer&#8220; versteht und auch wenn sich heute noch einige so nennen, so ist Gottschalk doch einer der ganz wenigen, von dem sich nicht nur ein kleiner&nbsp;Teil der Deutschen gerne unterhalten l\u00e4sst.<\/p>\n\n\n\n<p>Mit seinem Ausstieg aus &#8222;Wetten dass&#8230;&#8220; ging eine ganze TV-\u00c4ra zu Ende: die \u00c4ra des Familienfernsehens und der gro\u00dfen Samstagabendshow. Doch er kann ja nicht nur die ganz gro\u00dfe B\u00fchne, auch in kleineren Formaten zeigte er sich oft geistreich, wenn auch dann nicht so massentauglich, dass sich daraus eine neue Sendung gebildet h\u00e4tte, die das Markenzeichen &#8222;Gottschalk&#8220; \u00fcber Jahre hinaus h\u00e4tte weiterf\u00fchren k\u00f6nnen.<\/p>\n\n\n\n<p>Doch nun kommt er zur\u00fcck! Und das tats\u00e4chlich am Samstagabend und tats\u00e4chlich mit einer gro\u00dfen Show! Am 5. Juni um 20:15 Uhr startet die erste Ausgabe von &#8222;Mensch Gottschalk&#8220; bei RTL. Drei Stunden soll sie dauern und wer Gottschalk kennt, wei\u00df, dass auch dieser lange Rahmen durchaus noch gesprengt werden kann. Der Satz &#8222;Die nachfolgenden Sendungen verschieben sich voraussichtlich um mehrere Minuten&#8220; wurde wahrscheinlich erst f\u00fcr seine Sendungen gepr\u00e4gt.<\/p>\n\n\n\n<p>Mit &#8222;Mensch Gottschalk&#8220; erwartet uns ein Mix aus emotionalen wie auch journalistisch recherchierten Geschichten, die Deutschland aktuell bewegen. Das ist ein durchaus verhei\u00dfungsvoller Ansatz, der neben all den vielen Talkshows, bei denen letztlich doch immer dieselben Leute ihre immer wieder gleichen Meinungen kundtun, Abwechslung verspricht. Dass auch Polittalk eigentlich heute als Unterhaltung dienen soll, macht die ganzen Talk-Formate eher gleich als dass sich hier eine dieser Runden positiv herausheben k\u00f6nnte. Vielleicht ist da das offensive Bekenntnis, das tagesaktuelle Geschehen unterhaltsam pr\u00e4sentieren zu wollen, mal erfrischend anders. Jedenfalls kann man einem wie Gottschalk genau diesen Spagat zwischen Information und Entertainment zutrauen.<\/p>\n\n\n\n<p>&#8222;Typisch Gottschalk&#8220; wird die Sendung auf jeden Fall. Daf\u00fcr werden Gespr\u00e4che mit seinen G\u00e4sten sorgen sowie Auftritte internationaler Stars. Die Palette der Themen, die pr\u00e4sentiert werden sollen, wird bunt sein. Der Untertitel von &#8222;Mensch Gottschalk&#8220; &#8211; &#8222;Das bewegt Deutschland&#8220; &#8211; k\u00fcndigt bereits an, dass von der gro\u00dfen Politik bis hin zu pers\u00f6nlichen Schicksalen alles seinen Platz finden wird.<\/p>\n\n\n\n<p>In einer Zeit wie unserer, in der die Menschen verunsichert sind, ob all der Krisen und Probleme um uns herum, k\u00f6nnte &#8222;Mensch Gottschalk&#8220; wieder einmal eine Show werden, die wirklich die breite Masse anspricht. Man darf gespannt sein und dem Grandseigneur des TV schonmal &#8222;toi, toi, toi&#8220; w\u00fcnschen!<\/p>\n\n\n\n<p>Foto: \u00a9 RainerSturm \/ Pixelio.de<\/p>\n","protected":false},"excerpt":{"rendered":"<p>Er ist vielleicht der letzte seiner Art: Thomas Gottschalk hat es wie wohl kein anderer nach ihm geschafft mehrere Generationen<\/p>\n","protected":false},"author":1,"featured_media":422,"comment_status":"open","ping_status":"open","sticky":false,"template":"","format":"standard","meta":{"colormag_page_container_layout":"default_layout","colormag_page_sidebar_layout":"default_layout","footnotes":""},"categories":[8,9],"tags":[20],"class_list":["post-393","post","type-post","status-publish","format-standard","has-post-thumbnail","hentry","category-hobby-haus-und-garten","category-musik-film-und-fernsehen","tag-lifestyle"],"aioseo_notices":[],"_links":{"self":[{"href":"https:\/\/www.topblogs.de\/magazin\/wp-json\/wp\/v2\/posts\/393","targetHints":{"allow":["GET"]}}],"collection":[{"href":"https:\/\/www.topblogs.de\/magazin\/wp-json\/wp\/v2\/posts"}],"about":[{"href":"https:\/\/www.topblogs.de\/magazin\/wp-json\/wp\/v2\/types\/post"}],"author":[{"embeddable":true,"href":"https:\/\/www.topblogs.de\/magazin\/wp-json\/wp\/v2\/users\/1"}],"replies":[{"embeddable":true,"href":"https:\/\/www.topblogs.de\/magazin\/wp-json\/wp\/v2\/comments?post=393"}],"version-history":[{"count":32,"href":"https:\/\/www.topblogs.de\/magazin\/wp-json\/wp\/v2\/posts\/393\/revisions"}],"predecessor-version":[{"id":8552,"href":"https:\/\/www.topblogs.de\/magazin\/wp-json\/wp\/v2\/posts\/393\/revisions\/8552"}],"wp:featuredmedia":[{"embeddable":true,"href":"https:\/\/www.topblogs.de\/magazin\/wp-json\/wp\/v2\/media\/422"}],"wp:attachment":[{"href":"https:\/\/www.topblogs.de\/magazin\/wp-json\/wp\/v2\/media?parent=393"}],"wp:term":[{"taxonomy":"category","embeddable":true,"href":"https:\/\/www.topblogs.de\/magazin\/wp-json\/wp\/v2\/categories?post=393"},{"taxonomy":"post_tag","embeddable":true,"href":"https:\/\/www.topblogs.de\/magazin\/wp-json\/wp\/v2\/tags?post=393"}],"curies":[{"name":"wp","href":"https:\/\/api.w.org\/{rel}","templated":true}]}}